{"id":1286,"date":"2020-04-02T02:53:13","date_gmt":"2020-04-02T02:53:13","guid":{"rendered":"http:\/\/normacarreno.com\/?p=1286"},"modified":"2021-03-03T05:27:43","modified_gmt":"2021-03-03T05:27:43","slug":"1286","status":"publish","type":"post","link":"https:\/\/normacarreno.com\/?p=1286","title":{"rendered":"Prometeo Encadenado Abril 2, 2020."},"content":{"rendered":"\n<h2 style=\"text-align: center;\"><em><strong>Colecci\u00f3n de Mexicali, B.C.<\/strong><\/em><\/h2>\n<hr \/>\n<p><a href=\"http:\/\/normacarreno.com\/wp-content\/uploads\/2015\/04\/Promoteo.png\"><img loading=\"lazy\" decoding=\"async\" class=\"aligncenter wp-image-392\" src=\"http:\/\/normacarreno.com\/wp-content\/uploads\/2015\/04\/Promoteo-240x300.png\" sizes=\"auto, (max-width: 600px) 100vw, 600px\" srcset=\"http:\/\/normacarreno.com\/wp-content\/uploads\/2015\/04\/Promoteo-240x300.png 240w, http:\/\/normacarreno.com\/wp-content\/uploads\/2015\/04\/Promoteo-600x749.png 600w, http:\/\/normacarreno.com\/wp-content\/uploads\/2015\/04\/Promoteo-768x958.png 768w, http:\/\/normacarreno.com\/wp-content\/uploads\/2015\/04\/Promoteo-821x1024.png 821w, http:\/\/normacarreno.com\/wp-content\/uploads\/2015\/04\/Promoteo.png 1365w\" alt=\"Promoteo\" width=\"452\" height=\"565\" \/><\/a><\/p>\n<h3 style=\"text-align: center;\"><em><strong>Prometeo Encadenado<\/strong><\/em><\/h3>\n<h3 style=\"text-align: center;\"><strong><em>Prometeo encadenado<\/em><\/strong>\u00a0es una\u00a0tragedia\u00a0de la\u00a0antigua Grecia, tradicionalmente atribuida a\u00a0Esquilo. La obra est\u00e1 basada en el mito del\u00a0tit\u00e1n\u00a0Prometeo\u00a0(del\u00a0griego antiguo\u00a0<em>\u03a0\u03c1\u03bf\u03bc\u03b7\u03b8\u03b5\u03cd\u03c2<\/em>: \u00abPrevisi\u00f3n\u00bb), que hab\u00eda enga\u00f1ado a los dioses haciendo que recibieran la peor parte de cualquier animal sacrificado y los seres humanos la mejor.<\/h3>\n<h3 style=\"text-align: center;\">Adem\u00e1s, hab\u00eda robado el fuego para entreg\u00e1rselo a los mortales y por eso fue castigado por el dios\u00a0Zeus (Padre de los Dioses y los hombres).<\/h3>\n<h3 style=\"text-align: center;\">Adem\u00e1s, Prometeo pose\u00eda el conocimiento prof\u00e9tico de la persona que un d\u00eda derrocar\u00eda a Zeus, pero rechazaba divulgar esta informaci\u00f3n.<\/h3>\n<h3 style=\"text-align: center;\">Encadenamiento de Prometeo<\/h3>\n<h3 style=\"text-align: center;\">Fuerza y Violencia, junto con Hefesto, llevan preso a Prometeo para que este sea encadenado en una roca, en la regi\u00f3n de\u00a0Escitia.<\/h3>\n<h3 style=\"text-align: center;\">Fuerza apremia a Hefesto para que cumpla la orden de Zeus y encadene al tit\u00e1n. Hefesto tiene sus dudas, porque Prometeo es pariente suyo, pero sabe que no puede desobedecer a Zeus, as\u00ed que cumple la orden. Una vez encadenado, Prometeo se lamenta por su destino:<\/h3>\n<h3 style=\"text-align: center;\">Por haber proporcionado un privilegio de los mortales me veo unido al yugo de esta necesidad, desdichado.<\/h3>\n<hr \/>\n<p>\u00a0<\/p>\n","protected":false},"excerpt":{"rendered":"<p>Colecci\u00f3n de Mexicali, B.C. Prometeo Encadenado Prometeo encadenado\u00a0es una\u00a0tragedia\u00a0de la\u00a0antigua Grecia, tradicionalmente atribuida a\u00a0Esquilo. La obra est\u00e1 basada en el mito del\u00a0tit\u00e1n\u00a0Prometeo\u00a0(del\u00a0griego antiguo\u00a0\u03a0\u03c1\u03bf\u03bc\u03b7\u03b8\u03b5\u03cd\u03c2: \u00abPrevisi\u00f3n\u00bb), que hab\u00eda enga\u00f1ado a los dioses haciendo que recibieran la peor parte de cualquier animal sacrificado y los seres humanos la mejor. Adem\u00e1s, hab\u00eda robado el fuego para entreg\u00e1rselo a los &#8230; <a title=\"Prometeo Encadenado Abril 2, 2020.\" class=\"read-more\" href=\"https:\/\/normacarreno.com\/?p=1286\" aria-label=\"Read more about Prometeo Encadenado Abril 2, 2020.\">Read more<\/a><\/p>\n","protected":false},"author":2,"featured_media":0,"comment_status":"closed","ping_status":"closed","sticky":false,"template":"","format":"standard","meta":{"footnotes":""},"categories":[39],"tags":[],"class_list":["post-1286","post","type-post","status-publish","format-standard","hentry","category-trabajos-en-acrilicos"],"_links":{"self":[{"href":"https:\/\/normacarreno.com\/index.php?rest_route=\/wp\/v2\/posts\/1286","targetHints":{"allow":["GET"]}}],"collection":[{"href":"https:\/\/normacarreno.com\/index.php?rest_route=\/wp\/v2\/posts"}],"about":[{"href":"https:\/\/normacarreno.com\/index.php?rest_route=\/wp\/v2\/types\/post"}],"author":[{"embeddable":true,"href":"https:\/\/normacarreno.com\/index.php?rest_route=\/wp\/v2\/users\/2"}],"replies":[{"embeddable":true,"href":"https:\/\/normacarreno.com\/index.php?rest_route=%2Fwp%2Fv2%2Fcomments&post=1286"}],"version-history":[{"count":3,"href":"https:\/\/normacarreno.com\/index.php?rest_route=\/wp\/v2\/posts\/1286\/revisions"}],"predecessor-version":[{"id":2469,"href":"https:\/\/normacarreno.com\/index.php?rest_route=\/wp\/v2\/posts\/1286\/revisions\/2469"}],"wp:attachment":[{"href":"https:\/\/normacarreno.com\/index.php?rest_route=%2Fwp%2Fv2%2Fmedia&parent=1286"}],"wp:term":[{"taxonomy":"category","embeddable":true,"href":"https:\/\/normacarreno.com\/index.php?rest_route=%2Fwp%2Fv2%2Fcategories&post=1286"},{"taxonomy":"post_tag","embeddable":true,"href":"https:\/\/normacarreno.com\/index.php?rest_route=%2Fwp%2Fv2%2Ftags&post=1286"}],"curies":[{"name":"wp","href":"https:\/\/api.w.org\/{rel}","templated":true}]}}